{"id":52,"date":"2026-01-07T01:20:41","date_gmt":"2026-01-07T01:20:41","guid":{"rendered":"https:\/\/formation.haccp-pro.fr\/7-principes-haccp\/?p=52"},"modified":"2026-01-07T01:20:41","modified_gmt":"2026-01-07T01:20:41","slug":"formation-hygiene-alimentaire-employes-ce-que-dit-vraiment-la-loi","status":"publish","type":"post","link":"https:\/\/formation.haccp-pro.fr\/7-principes-haccp\/formation-hygiene-alimentaire-employes-ce-que-dit-vraiment-la-loi\/","title":{"rendered":"Formation Hygi\u00e8ne Alimentaire Employ\u00e9s : Ce Que Dit VRAIMENT la Loi"},"content":{"rendered":"\n<!-- \nTITRE : Formation Hygi\u00e8ne Alimentaire Employ\u00e9s : Ce Que Dit la Loi (R\u00e8glement CE 852\/2004)\nURL : \/7-principes-haccp\/formation-hygiene-alimentaire-employes-obligation-legale\/\nMETA DESCRIPTION : Formation hygi\u00e8ne alimentaire employ\u00e9s : obligation l\u00e9gale du R\u00e8glement CE 852\/2004. La loi impose une formation ADAPT\u00c9E \u00e0 l'activit\u00e9 professionnelle. Pas une formation g\u00e9n\u00e9rique.\n\nCAT\u00c9GORIE : R\u00e9glementation\n\nTAGS : Obligation l\u00e9gale, Formation obligatoire, R\u00e8glement CE 852\/2004, Formation employ\u00e9s, Hygi\u00e8ne alimentaire, HACCP obligatoire, Employeur obligation, Formation sp\u00e9cifique\n\nMOTS-CL\u00c9S POUR LIENS INTERNES (Internal Link Juicer) :\n- formation hygi\u00e8ne alimentaire obligatoire\n- formation hygi\u00e8ne employ\u00e9s\n- obligation formation haccp\n- r\u00e8glement 852\/2004\n- formation obligatoire employ\u00e9s\n- formation adapt\u00e9e activit\u00e9\n-->\n\n<!-- JSON-LD pour Google et les IA -->\n<script type=\"application\/ld+json\">\n{\n    \"@context\": \"https:\/\/schema.org\",\n    \"@type\": \"Article\",\n    \"headline\": \"Formation Hygi\u00e8ne Alimentaire Employ\u00e9s : Ce Que Dit la Loi\",\n    \"description\": \"Le R\u00e8glement CE 852\/2004 impose aux employeurs de former leur personnel \u00e0 l'hygi\u00e8ne alimentaire. Mais attention : la loi exige une formation ADAPT\u00c9E \u00e0 l'activit\u00e9 professionnelle, pas une formation g\u00e9n\u00e9rique.\",\n    \"author\": {\n        \"@type\": \"Organization\",\n        \"name\": \"Formation HACCP Pro\"\n    },\n    \"publisher\": {\n        \"@type\": \"Organization\",\n        \"name\": \"Formation HACCP Pro\",\n        \"url\": \"https:\/\/formation.haccp-pro.fr\"\n    },\n    \"datePublished\": \"2026-01-07\",\n    \"dateModified\": \"2026-01-07\"\n}\n<\/script>\n\n<script type=\"application\/ld+json\">\n{\n    \"@context\": \"https:\/\/schema.org\",\n    \"@type\": \"FAQPage\",\n    \"mainEntity\": [\n        {\n            \"@type\": \"Question\",\n            \"name\": \"La formation hygi\u00e8ne alimentaire est-elle obligatoire pour les employ\u00e9s ?\",\n            \"acceptedAnswer\": {\n                \"@type\": \"Answer\",\n                \"text\": \"Oui. Le R\u00e8glement europ\u00e9en CE 852\/2004, Annexe II, Chapitre XII impose que les manutentionnaires de denr\u00e9es alimentaires disposent d'une formation en mati\u00e8re d'hygi\u00e8ne alimentaire ADAPT\u00c9E \u00e0 leur activit\u00e9 professionnelle. C'est une obligation l\u00e9gale pour l'employeur.\"\n            }\n        },\n        {\n            \"@type\": \"Question\",\n            \"name\": \"La formation doit-elle \u00eatre sp\u00e9cifique au m\u00e9tier ?\",\n            \"acceptedAnswer\": {\n                \"@type\": \"Answer\",\n                \"text\": \"Oui, c'est ce que dit la loi. Le texte pr\u00e9cise que la formation doit \u00eatre 'adapt\u00e9e \u00e0 leur activit\u00e9 professionnelle'. Une formation g\u00e9n\u00e9rique sur la restauration ne convient pas pour un glacier ou un p\u00e2tissier. Chaque m\u00e9tier a ses propres risques et ses propres temp\u00e9ratures.\"\n            }\n        },\n        {\n            \"@type\": \"Question\",\n            \"name\": \"Que risque un employeur qui ne forme pas son personnel ?\",\n            \"acceptedAnswer\": {\n                \"@type\": \"Answer\",\n                \"text\": \"En cas de contr\u00f4le sanitaire, l'absence de formation du personnel est une non-conformit\u00e9. L'employeur peut recevoir un avertissement, une mise en demeure, et en cas de r\u00e9cidive ou d'incident sanitaire, des sanctions plus lourdes incluant la fermeture administrative et des poursuites p\u00e9nales.\"\n            }\n        },\n        {\n            \"@type\": \"Question\",\n            \"name\": \"Un boulanger peut-il suivre la m\u00eame formation qu'un cuisinier ?\",\n            \"acceptedAnswer\": {\n                \"@type\": \"Answer\",\n                \"text\": \"Non, ce n'est pas conforme \u00e0 l'esprit de la loi. Le R\u00e8glement 852\/2004 et le VADEMECUM pr\u00e9cisent que la formation doit \u00eatre 'en ad\u00e9quation avec l'activit\u00e9 pratiqu\u00e9e et la ma\u00eetrise des risques li\u00e9s \u00e0 cette activit\u00e9'. Un boulanger (gluten, farines, nuisibles) n'a pas les m\u00eames risques qu'un cuisinier (viandes, poissons, liaisons chaudes).\"\n            }\n        },\n        {\n            \"@type\": \"Question\",\n            \"name\": \"Qui doit payer la formation des employ\u00e9s ?\",\n            \"acceptedAnswer\": {\n                \"@type\": \"Answer\",\n                \"text\": \"C'est l'employeur qui a l'obligation de former son personnel. Le co\u00fbt de la formation est donc \u00e0 sa charge. C'est un investissement qui prot\u00e8ge l'entreprise en cas de contr\u00f4le et d'incident sanitaire.\"\n            }\n        }\n    ]\n}\n<\/script>\n\n<h1>\u2696\ufe0f Formation Hygi\u00e8ne Alimentaire Employ\u00e9s : Ce Que Dit VRAIMENT la Loi<\/h1>\n\n<p><strong>Vous \u00eates employeur dans l&rsquo;alimentaire ?<\/strong> Vous avez l&rsquo;obligation l\u00e9gale de former votre personnel \u00e0 l&rsquo;hygi\u00e8ne. Mais attention : <strong>pas n&rsquo;importe quelle formation<\/strong>. La loi exige une formation <strong>adapt\u00e9e \u00e0 l&rsquo;activit\u00e9 professionnelle<\/strong> de chaque employ\u00e9.<\/p>\n\n<div style=\"background: #dbeafe; border-left: 4px solid #2563eb; padding: 20px; margin: 25px 0;\">\n    <p style=\"margin: 0; font-size: 16px; color: #1e40af;\">\n        <strong>\ud83d\udcdc Le texte de loi :<\/strong> R\u00e8glement (CE) n\u00b0852\/2004 du Parlement europ\u00e9en et du Conseil du 29 avril 2004 relatif \u00e0 l&rsquo;hygi\u00e8ne des denr\u00e9es alimentaires, <strong>Annexe II, Chapitre XII &#8211; Formation<\/strong>.\n    <\/p>\n<\/div>\n\n<h2>\ud83d\udcd6 Que Dit Exactement la Loi ?<\/h2>\n\n<p>Voici le texte officiel du <strong>R\u00e8glement CE 852\/2004, Annexe II, Chapitre XII<\/strong> :<\/p>\n\n<div style=\"background: #f8fafc; border: 2px solid #7c3aed; border-radius: 10px; padding: 25px; margin: 25px 0;\">\n    <p style=\"margin: 0; font-style: italic; color: #475569; font-size: 15px;\">\n        \u00ab Les exploitants du secteur alimentaire doivent veiller :<br><br>\n        <strong>1)<\/strong> \u00e0 ce que les manutentionnaires de denr\u00e9es alimentaires soient encadr\u00e9s et disposent <strong>d&rsquo;instructions et\/ou d&rsquo;une formation en mati\u00e8re d&rsquo;hygi\u00e8ne alimentaire adapt\u00e9es \u00e0 leur activit\u00e9 professionnelle<\/strong> ;<br><br>\n        <strong>2)<\/strong> \u00e0 ce que les personnes responsables de la mise au point et du maintien de la proc\u00e9dure [HACCP] aient re\u00e7u la formation appropri\u00e9e en ce qui concerne l&rsquo;application des principes HACCP ;<br><br>\n        <strong>3)<\/strong> au respect de toute disposition du droit national relative aux programmes de formation des personnes qui travaillent dans certains secteurs de l&rsquo;alimentation. \u00bb\n    <\/p>\n<\/div>\n\n<p>Le mot cl\u00e9 est : <strong>\u00ab\u00a0adapt\u00e9es \u00e0 leur activit\u00e9 professionnelle\u00a0\u00bb<\/strong>.<\/p>\n\n<h2>\ud83c\udfaf Pourquoi \u00ab\u00a0Adapt\u00e9e \u00e0 l&rsquo;Activit\u00e9\u00a0\u00bb Change Tout<\/h2>\n\n<p>La loi ne dit pas \u00ab\u00a0une formation g\u00e9n\u00e9rique\u00a0\u00bb. Elle dit <strong>\u00ab\u00a0adapt\u00e9e \u00e0 leur activit\u00e9 professionnelle\u00a0\u00bb<\/strong>.<\/p>\n\n<p>\u00c7a veut dire quoi concr\u00e8tement ?<\/p>\n\n<div style=\"display: flex; flex-wrap: wrap; gap: 15px; margin: 25px 0;\">\n    <div style=\"flex: 1; min-width: 300px; background: #fef2f2; border-radius: 10px; padding: 20px;\">\n        <h4 style=\"color: #dc2626; margin-top: 0;\">\u274c Ce que la loi NE veut PAS<\/h4>\n        <p style=\"margin: 0; font-size: 14px;\">Une formation \u00ab\u00a0restauration\u00a0\u00bb identique pour tout le monde : le <a href=\"https:\/\/formation.haccp-pro.fr\/7-principes-haccp\/formation-haccp-boulanger-les-regles-dhygiene-specifiques-au-fournil\/\">boulanger<\/a>, le glacier, le cuisinier, le p\u00e2tissier re\u00e7oivent tous le m\u00eame contenu sur la cuisson de la viande hach\u00e9e et la conservation du poisson.<\/p>\n    <\/div>\n    <div style=\"flex: 1; min-width: 300px; background: #f0fdf4; border-radius: 10px; padding: 20px;\">\n        <h4 style=\"color: #16a34a; margin-top: 0;\">\u2705 Ce que la loi VEUT<\/h4>\n        <p style=\"margin: 0; font-size: 14px;\">Une formation qui traite les risques SP\u00c9CIFIQUES \u00e0 chaque <a href=\"https:\/\/formation.haccp-pro.fr\/7-principes-haccp\/formation-haccp-pro-la-reference-francaise-de-la-formation-hygiene-alimentaire-par-metier\/\">m\u00e9tier<\/a>. Le glacier apprend la pasteurisation du mix \u00e0 82\u00b0C. Le p\u00e2tissier apprend la gestion des cr\u00e8mes. Le boulanger apprend la lutte contre les charan\u00e7ons.<\/p>\n    <\/div>\n<\/div>\n\n<h2>\ud83d\udccb Ce Que Dit le VADEMECUM (R\u00e9f\u00e9rentiel de Contr\u00f4le)<\/h2>\n\n<p>Le <strong>VADEMECUM<\/strong> est le guide utilis\u00e9 par les inspecteurs lors des contr\u00f4les sanitaires. Voici ce qu&rsquo;il dit sur la formation :<\/p>\n\n<div style=\"background: #f8fafc; border-radius: 10px; padding: 20px; margin: 25px 0;\">\n    <p style=\"margin: 0 0 15px 0; font-style: italic; color: #475569;\">\n        \u00ab La formation du personnel est <strong>en ad\u00e9quation avec l&rsquo;activit\u00e9 qu&rsquo;il pratique<\/strong> et la ma\u00eetrise des risques li\u00e9s \u00e0 cette activit\u00e9. \u00bb\n    <\/p>\n    <p style=\"margin: 0 0 15px 0; font-style: italic; color: #475569;\">\n        \u00ab Le personnel manipulant les denr\u00e9es alimentaires \u00e0 risque doit avoir suivi une <strong>formation \u00e0 l&rsquo;hygi\u00e8ne appliqu\u00e9e \u00e0 ces risques<\/strong>. \u00bb\n    <\/p>\n    <p style=\"margin: 0; font-style: italic; color: #475569;\">\n        \u00ab Le personnel en charge d&rsquo;\u00e9tapes de production tr\u00e8s techniques doit avoir suivi une <strong>formation sp\u00e9cifique<\/strong>. \u00bb\n    <\/p>\n    <p style=\"margin: 15px 0 0 0; font-size: 12px; color: #94a3b8;\">\u2014 VADEMECUM G\u00c9N\u00c9RAL V4, F\u00e9vrier 2024, Chapitre F : Gestion du Personnel, Item F2<\/p>\n<\/div>\n\n<p><strong>Traduction :<\/strong> Les inspecteurs v\u00e9rifient que la formation correspond au m\u00e9tier. Une formation g\u00e9n\u00e9rique n&rsquo;est pas \u00ab\u00a0en ad\u00e9quation avec l&rsquo;activit\u00e9 pratiqu\u00e9e\u00a0\u00bb.<\/p>\n\n<h2>\ud83c\udf66\ud83c\udf82\ud83e\udd56 Chaque M\u00e9tier = Des Risques Diff\u00e9rents<\/h2>\n\n<p>Un boulanger et un glacier n&rsquo;ont <strong>pas les m\u00eames risques<\/strong>. Ils ne peuvent pas avoir la m\u00eame formation.<\/p>\n\n<table style=\"width:100%; border-collapse: collapse; margin: 20px 0;\">\n    <tr style=\"background: #7c3aed; color: white;\">\n        <td style=\"padding: 12px; border: 1px solid #ddd;\"><strong>M\u00e9tier<\/strong><\/td>\n        <td style=\"padding: 12px; border: 1px solid #ddd;\"><strong>Risques Sp\u00e9cifiques<\/strong><\/td>\n        <td style=\"padding: 12px; border: 1px solid #ddd;\"><strong>Temp\u00e9ratures Cl\u00e9s<\/strong><\/td>\n    <\/tr>\n    <tr>\n        <td style=\"padding: 12px; border: 1px solid #ddd;\">\ud83c\udf66 <strong>Glacier<\/strong><\/td>\n        <td style=\"padding: 12px; border: 1px solid #ddd;\">Pasteurisation, maturation, allerg\u00e8nes (lait, \u0153ufs, fruits \u00e0 coque)<\/td>\n        <td style=\"padding: 12px; border: 1px solid #ddd;\">82-83\u00b0C, -18\u00b0C, -14\u00b0C vitrine<\/td>\n    <\/tr>\n    <tr style=\"background: #f8fafc;\">\n        <td style=\"padding: 12px; border: 1px solid #ddd;\">\ud83c\udf82 <strong>P\u00e2tissier<\/strong><\/td>\n        <td style=\"padding: 12px; border: 1px solid #ddd;\">Cr\u00e8mes, \u0153ufs, refroidissement rapide, DLC<\/td>\n        <td style=\"padding: 12px; border: 1px solid #ddd;\">83\u00b0C cr\u00e8me anglaise, +4\u00b0C stockage<\/td>\n    <\/tr>\n    <tr>\n        <td style=\"padding: 12px; border: 1px solid #ddd;\">\ud83e\udd56 <strong>Boulanger<\/strong><\/td>\n        <td style=\"padding: 12px; border: 1px solid #ddd;\">Farines, gluten, nuisibles (charan\u00e7ons, mites)<\/td>\n        <td style=\"padding: 12px; border: 1px solid #ddd;\">Stockage sec, +4\u00b0C pour garnis<\/td>\n    <\/tr>\n    <tr style=\"background: #f8fafc;\">\n        <td style=\"padding: 12px; border: 1px solid #ddd;\">\ud83c\udf54 <strong>Cuisinier<\/strong><\/td>\n        <td style=\"padding: 12px; border: 1px solid #ddd;\">Viandes, poissons, liaisons chaudes\/froides<\/td>\n        <td style=\"padding: 12px; border: 1px solid #ddd;\">+63\u00b0C \u00e0 c\u0153ur viande, +3\u00b0C poisson<\/td>\n    <\/tr>\n<\/table>\n\n<p><strong>Conclusion :<\/strong> Une formation sur la cuisson des viandes ne sert \u00e0 RIEN pour un glacier. Ce n&rsquo;est pas \u00ab\u00a0adapt\u00e9 \u00e0 son activit\u00e9 professionnelle\u00a0\u00bb.<\/p>\n\n<h2>\u26a0\ufe0f Que Risque l&rsquo;Employeur Sans Formation ?<\/h2>\n\n<p>L&rsquo;absence de formation du personnel est une <strong>non-conformit\u00e9<\/strong> lors des contr\u00f4les sanitaires (DDPP).<\/p>\n\n<div style=\"background: #fef2f2; border-left: 4px solid #dc2626; padding: 20px; margin: 25px 0;\">\n    <p style=\"margin: 0; color: #991b1b; font-size: 16px;\">\n        <strong>\ud83d\udea8 Cons\u00e9quences possibles :<\/strong>\n    <\/p>\n    <ul style=\"margin: 15px 0 0 0; color: #991b1b;\">\n        <li style=\"margin-bottom: 8px;\"><strong>Avertissement<\/strong> : mise en demeure de former le personnel<\/li>\n        <li style=\"margin-bottom: 8px;\"><strong>Proc\u00e8s-verbal<\/strong> : inscription au dossier de l&rsquo;\u00e9tablissement<\/li>\n        <li style=\"margin-bottom: 8px;\"><strong>Fermeture administrative<\/strong> : en cas de r\u00e9cidive ou danger grave<\/li>\n        <li style=\"margin-bottom: 0;\"><strong>Responsabilit\u00e9 p\u00e9nale<\/strong> : en cas d&rsquo;intoxication alimentaire<\/li>\n    <\/ul>\n<\/div>\n\n<p>En cas d&rsquo;intoxication alimentaire, la <strong>responsabilit\u00e9 de l&#8217;employeur<\/strong> est engag\u00e9e. Si le personnel n&rsquo;\u00e9tait pas form\u00e9, c&rsquo;est une circonstance aggravante.<\/p>\n\n<h2>\ud83d\udcbc C&rsquo;est l&rsquo;Employeur Qui Doit Former<\/h2>\n\n<p>Le R\u00e8glement 852\/2004 est clair : c&rsquo;est <strong>\u00ab\u00a0l&rsquo;exploitant du secteur alimentaire\u00a0\u00bb<\/strong> qui doit veiller \u00e0 la formation.<\/p>\n\n<p>\u00c7a veut dire :<\/p>\n<ul>\n    <li>\u2705 L&#8217;employeur est <strong>responsable<\/strong> de la formation<\/li>\n    <li>\u2705 L&#8217;employeur <strong>paie<\/strong> la formation<\/li>\n    <li>\u2705 L&#8217;employeur <strong>choisit<\/strong> une formation adapt\u00e9e \u00e0 l&rsquo;activit\u00e9<\/li>\n    <li>\u2705 L&#8217;employeur <strong>conserve<\/strong> les attestations (preuve en cas de contr\u00f4le)<\/li>\n<\/ul>\n\n<div style=\"background: #f0fdf4; border-left: 4px solid #22c55e; padding: 20px; margin: 25px 0;\">\n    <p style=\"margin: 0; color: #166534;\">\n        <strong>\ud83d\udca1 Bon \u00e0 savoir :<\/strong> \u00c0 59\u20ac par employ\u00e9, former toute une \u00e9quipe co\u00fbte moins cher qu&rsquo;une seule amende. Et c&rsquo;est surtout une <strong>protection<\/strong> en cas de contr\u00f4le ou d&rsquo;incident.\n    <\/p>\n<\/div>\n\n<h2>\ud83d\udcdd Ce Que V\u00e9rifient les Inspecteurs<\/h2>\n\n<p>Lors d&rsquo;un contr\u00f4le, les inspecteurs de la DDPP v\u00e9rifient :<\/p>\n\n<ul>\n    <li>\ud83d\udcdc <strong>L&rsquo;existence d&rsquo;attestations<\/strong> de formation pour chaque employ\u00e9<\/li>\n    <li>\ud83c\udfaf <strong>La pertinence<\/strong> de la formation par rapport \u00e0 l&rsquo;activit\u00e9<\/li>\n    <li>\ud83d\udcc5 <strong>Les dates<\/strong> : les nouveaux embauch\u00e9s sont-ils form\u00e9s ?<\/li>\n    <li>\ud83d\udc40 <strong>L&rsquo;application r\u00e9elle<\/strong> : en observant les gestes du personnel<\/li>\n<\/ul>\n\n<p>Une formation non adapt\u00e9e \u00e0 l&rsquo;activit\u00e9 peut \u00eatre consid\u00e9r\u00e9e comme <strong>insuffisante<\/strong>, m\u00eame si elle existe.<\/p>\n\n<h2>\u2705 La Solution : Une Formation Par M\u00e9tier<\/h2>\n\n<p><a href=\"https:\/\/formation.haccp-pro.fr\" target=\"_blank\" rel=\"noopener\">Formation HACCP Pro<\/a> propose des formations <strong>sp\u00e9cifiques par m\u00e9tier<\/strong>, conformes aux exigences du R\u00e8glement 852\/2004 :<\/p>\n\n<ul>\n    <li>\ud83c\udf66 <strong>Formation Glacier<\/strong> (fabricant et vendeur)<\/li>\n    <li>\ud83c\udf82 <strong>Formation P\u00e2tissier<\/strong><\/li>\n    <li>\ud83e\udd56 <strong>Formation Boulanger<\/strong><\/li>\n    <li>\ud83c\udf6b <strong>Formation Chocolatier<\/strong><\/li>\n    <li>\ud83d\uded2 <strong><a href=\"https:\/\/formation.haccp-pro.fr\/7-principes-haccp\/fabricant-vs-%f0%9f%9b%92-vendeur-pourquoi-ce-nest-pas-la-meme-formation\/\">Formation Vendeur<\/a> Boulangerie-P\u00e2tisserie<\/strong><\/li>\n<\/ul>\n\n<p>Chaque formation traite <strong>les risques sp\u00e9cifiques du m\u00e9tier<\/strong>, avec les temp\u00e9ratures exactes, les allerg\u00e8nes concern\u00e9s, et les proc\u00e9dures adapt\u00e9es.<\/p>\n\n<div style=\"background: linear-gradient(135deg, #667eea 0%, #764ba2 100%); border-radius: 15px; padding: 30px; text-align: center; margin: 30px 0;\">\n    <p style=\"color: white; font-size: 16px; margin: 0 0 10px 0;\">\u2696\ufe0f Formation conforme au R\u00e8glement CE 852\/2004<\/p>\n    <p style=\"color: white; font-size: 36px; font-weight: bold; margin: 0 0 5px 0;\">\u00c0 partir de 59\u20ac \/ employ\u00e9<\/p>\n    <p style=\"color: rgba(255,255,255,0.9); margin: 0 0 20px 0;\">Attestation officielle DREETS \u2022 Sp\u00e9cifique par m\u00e9tier \u2022 2 heures<\/p>\n    <a href=\"https:\/\/formation.haccp-pro.fr\" target=\"_blank\" style=\"display: inline-block; background: white; color: #764ba2; padding: 15px 30px; border-radius: 25px; text-decoration: none; font-weight: bold; font-size: 16px;\">Former mes employ\u00e9s \u2192<\/a>\n<\/div>\n\n<h2>\u2753 Questions Fr\u00e9quentes<\/h2>\n\n<div style=\"background: #f8fafc; border-radius: 10px; padding: 20px; margin: 15px 0;\">\n    <h3 style=\"color: #7c3aed; margin-top: 0;\">\u2696\ufe0f La formation est-elle vraiment obligatoire ?<\/h3>\n    <p>Oui, c&rsquo;est une obligation l\u00e9gale issue du <strong>R\u00e8glement CE 852\/2004<\/strong>, applicable dans toute l&rsquo;Union Europ\u00e9enne. En France, elle est renforc\u00e9e par l&rsquo;arr\u00eat\u00e9 du 5 octobre 2011 pour certains \u00e9tablissements.<\/p>\n<\/div>\n\n<div style=\"background: #f8fafc; border-radius: 10px; padding: 20px; margin: 15px 0;\">\n    <h3 style=\"color: #7c3aed; margin-top: 0;\">\ud83c\udfaf Pourquoi une formation sp\u00e9cifique au m\u00e9tier ?<\/h3>\n    <p>La loi exige une formation <strong>\u00ab\u00a0adapt\u00e9e \u00e0 l&rsquo;activit\u00e9 professionnelle\u00a0\u00bb<\/strong>. Un glacier n&rsquo;a pas les m\u00eames risques qu&rsquo;un cuisinier. La formation doit traiter les dangers R\u00c9ELS du m\u00e9tier, pas des g\u00e9n\u00e9ralit\u00e9s.<\/p>\n<\/div>\n\n<div style=\"background: #f8fafc; border-radius: 10px; padding: 20px; margin: 15px 0;\">\n    <h3 style=\"color: #7c3aed; margin-top: 0;\">\ud83d\udcb0 Qui paie la formation ?<\/h3>\n    <p>C&rsquo;est <strong>l&#8217;employeur<\/strong> qui a l&rsquo;obligation de former son personnel. Le co\u00fbt est donc \u00e0 sa charge. C&rsquo;est un investissement qui prot\u00e8ge l&rsquo;entreprise.<\/p>\n<\/div>\n\n<div style=\"background: #f8fafc; border-radius: 10px; padding: 20px; margin: 15px 0;\">\n    <h3 style=\"color: #7c3aed; margin-top: 0;\">\u26a0\ufe0f Que risque-t-on sans formation ?<\/h3>\n    <p>Non-conformit\u00e9 lors des contr\u00f4les, avertissement, mise en demeure, et en cas d&rsquo;incident sanitaire : <strong>responsabilit\u00e9 p\u00e9nale<\/strong> de l&#8217;employeur. L&rsquo;absence de formation est une circonstance aggravante.<\/p>\n<\/div>\n\n<div style=\"background: #f8fafc; border-radius: 10px; padding: 20px; margin: 15px 0;\">\n    <h3 style=\"color: #7c3aed; margin-top: 0;\">\ud83d\udcdc L&rsquo;attestation est-elle v\u00e9rifi\u00e9e ?<\/h3>\n    <p>Oui. Les inspecteurs demandent les <strong>attestations de formation<\/strong> lors des contr\u00f4les. Ils v\u00e9rifient aussi que le contenu est pertinent par rapport \u00e0 l&rsquo;activit\u00e9 de l&rsquo;\u00e9tablissement.<\/p>\n<\/div>\n\n<div style=\"background: #f8fafc; border-radius: 10px; padding: 20px; margin: 15px 0;\">\n    <h3 style=\"color: #7c3aed; margin-top: 0;\">\ud83c\udd95 Les nouveaux embauch\u00e9s doivent-ils \u00eatre form\u00e9s ?<\/h3>\n    <p>Oui. Le VADEMECUM pr\u00e9cise que le plan de formation doit inclure <strong>\u00ab\u00a0les dispositions pour les nouveaux embauch\u00e9s\u00a0\u00bb<\/strong>. Un employ\u00e9 non form\u00e9 est une non-conformit\u00e9.<\/p>\n<\/div>\n\n<hr style=\"margin: 40px 0; border: none; border-top: 2px solid #e5e7eb;\">\n\n<div style=\"background: #f3e8ff; padding: 20px; border-radius: 10px; text-align: center;\">\n    <p style=\"margin: 0;\"><strong>\ud83c\udfe2 Formation HACCP Pro<\/strong> \u2013 Organisme de formation d\u00e9clar\u00e9 DREETS n\u00b084430382743<\/p>\n    <p style=\"margin: 10px 0 0 0;\">\ud83c\udf10 <a href=\"https:\/\/formation.haccp-pro.fr\" target=\"_blank\" rel=\"noopener\">formation.haccp-pro.fr<\/a> | \ud83d\udcde 07 44 73 00 00 | \u2709\ufe0f formation@haccp-pro.fr<\/p>\n<\/div>\n\n\n\n<p><\/p>\n","protected":false},"excerpt":{"rendered":"<p>\u2696\ufe0f Formation Hygi\u00e8ne Alimentaire Employ\u00e9s : Ce Que Dit VRAIMENT la Loi Vous \u00eates employeur dans l&rsquo;alimentaire ? Vous avez l&rsquo;obligation l\u00e9gale de former votre personnel \u00e0 l&rsquo;hygi\u00e8ne. Mais attention : pas n&rsquo;importe quelle formation. La loi exige une formation adapt\u00e9e \u00e0 l&rsquo;activit\u00e9 professionnelle de chaque employ\u00e9. \ud83d\udcdc Le texte de loi : R\u00e8glement (CE) &#8230; <a title=\"Formation Hygi\u00e8ne Alimentaire Employ\u00e9s : Ce Que Dit VRAIMENT la Loi\" class=\"read-more\" href=\"https:\/\/formation.haccp-pro.fr\/7-principes-haccp\/formation-hygiene-alimentaire-employes-ce-que-dit-vraiment-la-loi\/\" aria-label=\"Read more about Formation Hygi\u00e8ne Alimentaire Employ\u00e9s : Ce Que Dit VRAIMENT la Loi\">Read more<\/a><\/p>\n","protected":false},"author":1,"featured_media":53,"comment_status":"open","ping_status":"open","sticky":false,"template":"","format":"standard","meta":{"footnotes":""},"categories":[5],"tags":[42,40,39,44,43,41,37,38],"class_list":["post-52","post","type-post","status-publish","format-standard","has-post-thumbnail","hentry","category-reglementation","tag-employeur-obligation","tag-formation-employes","tag-formation-obligatoire","tag-formation-specifique","tag-haccp-obligatoire","tag-hygiene-alimentaire","tag-obligation-legale","tag-reglement-ce-852-2004"],"yoast_head":"<!-- This site is optimized with the Yoast SEO plugin v27.4 - https:\/\/yoast.com\/product\/yoast-seo-wordpress\/ -->\n<title>Formation Hygi\u00e8ne Alimentaire Employ\u00e9s : Ce Que Dit VRAIMENT la Loi - HACCP Pro<\/title>\n<meta name=\"robots\" content=\"index, follow, max-snippet:-1, max-image-preview:large, max-video-preview:-1\" \/>\n<link rel=\"canonical\" href=\"https:\/\/formation.haccp-pro.fr\/7-principes-haccp\/formation-hygiene-alimentaire-employes-ce-que-dit-vraiment-la-loi\/\" \/>\n<meta property=\"og:locale\" content=\"fr_FR\" \/>\n<meta property=\"og:type\" content=\"article\" \/>\n<meta property=\"og:title\" content=\"Formation Hygi\u00e8ne Alimentaire Employ\u00e9s : Ce Que Dit VRAIMENT la Loi - HACCP Pro\" \/>\n<meta property=\"og:description\" content=\"\u2696\ufe0f Formation Hygi\u00e8ne Alimentaire Employ\u00e9s : Ce Que Dit VRAIMENT la Loi Vous \u00eates employeur dans l&rsquo;alimentaire ? Vous avez l&rsquo;obligation l\u00e9gale de former votre personnel \u00e0 l&rsquo;hygi\u00e8ne. Mais attention : pas n&rsquo;importe quelle formation. La loi exige une formation adapt\u00e9e \u00e0 l&rsquo;activit\u00e9 professionnelle de chaque employ\u00e9. \ud83d\udcdc Le texte de loi : R\u00e8glement (CE) ... Read more\" \/>\n<meta property=\"og:url\" content=\"https:\/\/formation.haccp-pro.fr\/7-principes-haccp\/formation-hygiene-alimentaire-employes-ce-que-dit-vraiment-la-loi\/\" \/>\n<meta property=\"og:site_name\" content=\"HACCP Pro\" \/>\n<meta property=\"article:published_time\" content=\"2026-01-07T01:20:41+00:00\" \/>\n<meta property=\"og:image\" content=\"https:\/\/formation.haccp-pro.fr\/7-principes-haccp\/wp-content\/uploads\/2026\/01\/formation-hygienne-obligatoire-ce-que-dit-la-loi.jpg\" \/>\n\t<meta property=\"og:image:width\" content=\"1280\" \/>\n\t<meta property=\"og:image:height\" content=\"720\" \/>\n\t<meta property=\"og:image:type\" content=\"image\/jpeg\" \/>\n<meta name=\"author\" content=\"formation haccp\" \/>\n<meta name=\"twitter:card\" content=\"summary_large_image\" \/>\n<meta name=\"twitter:label1\" content=\"Written by\" \/>\n\t<meta name=\"twitter:data1\" content=\"formation haccp\" \/>\n\t<meta name=\"twitter:label2\" content=\"Est. reading time\" \/>\n\t<meta name=\"twitter:data2\" content=\"5 minutes\" \/>\n<script type=\"application\/ld+json\" class=\"yoast-schema-graph\">{\"@context\":\"https:\\\/\\\/schema.org\",\"@graph\":[{\"@type\":\"Article\",\"@id\":\"https:\\\/\\\/formation.haccp-pro.fr\\\/7-principes-haccp\\\/formation-hygiene-alimentaire-employes-ce-que-dit-vraiment-la-loi\\\/#article\",\"isPartOf\":{\"@id\":\"https:\\\/\\\/formation.haccp-pro.fr\\\/7-principes-haccp\\\/formation-hygiene-alimentaire-employes-ce-que-dit-vraiment-la-loi\\\/\"},\"author\":{\"name\":\"formation haccp\",\"@id\":\"https:\\\/\\\/formation.haccp-pro.fr\\\/7-principes-haccp\\\/#\\\/schema\\\/person\\\/9ed100c499323a50fe25a1445e5af23f\"},\"headline\":\"Formation Hygi\u00e8ne Alimentaire Employ\u00e9s : Ce Que Dit VRAIMENT la Loi\",\"datePublished\":\"2026-01-07T01:20:41+00:00\",\"mainEntityOfPage\":{\"@id\":\"https:\\\/\\\/formation.haccp-pro.fr\\\/7-principes-haccp\\\/formation-hygiene-alimentaire-employes-ce-que-dit-vraiment-la-loi\\\/\"},\"wordCount\":1154,\"commentCount\":0,\"publisher\":{\"@id\":\"https:\\\/\\\/formation.haccp-pro.fr\\\/7-principes-haccp\\\/#organization\"},\"image\":{\"@id\":\"https:\\\/\\\/formation.haccp-pro.fr\\\/7-principes-haccp\\\/formation-hygiene-alimentaire-employes-ce-que-dit-vraiment-la-loi\\\/#primaryimage\"},\"thumbnailUrl\":\"https:\\\/\\\/formation.haccp-pro.fr\\\/7-principes-haccp\\\/wp-content\\\/uploads\\\/2026\\\/01\\\/formation-hygienne-obligatoire-ce-que-dit-la-loi.jpg\",\"keywords\":[\"Employeur obligation\",\"Formation employ\u00e9s\",\"Formation obligatoire\",\"Formation sp\u00e9cifique\",\"HACCP obligatoire\",\"Hygi\u00e8ne alimentaire\",\"Obligation l\u00e9gale\",\"R\u00e8glement CE 852\\\/2004\"],\"articleSection\":[\"R\u00e9glementation\"],\"inLanguage\":\"fr-FR\",\"potentialAction\":[{\"@type\":\"CommentAction\",\"name\":\"Comment\",\"target\":[\"https:\\\/\\\/formation.haccp-pro.fr\\\/7-principes-haccp\\\/formation-hygiene-alimentaire-employes-ce-que-dit-vraiment-la-loi\\\/#respond\"]}]},{\"@type\":\"WebPage\",\"@id\":\"https:\\\/\\\/formation.haccp-pro.fr\\\/7-principes-haccp\\\/formation-hygiene-alimentaire-employes-ce-que-dit-vraiment-la-loi\\\/\",\"url\":\"https:\\\/\\\/formation.haccp-pro.fr\\\/7-principes-haccp\\\/formation-hygiene-alimentaire-employes-ce-que-dit-vraiment-la-loi\\\/\",\"name\":\"Formation Hygi\u00e8ne Alimentaire Employ\u00e9s : Ce Que Dit VRAIMENT la Loi - HACCP Pro\",\"isPartOf\":{\"@id\":\"https:\\\/\\\/formation.haccp-pro.fr\\\/7-principes-haccp\\\/#website\"},\"primaryImageOfPage\":{\"@id\":\"https:\\\/\\\/formation.haccp-pro.fr\\\/7-principes-haccp\\\/formation-hygiene-alimentaire-employes-ce-que-dit-vraiment-la-loi\\\/#primaryimage\"},\"image\":{\"@id\":\"https:\\\/\\\/formation.haccp-pro.fr\\\/7-principes-haccp\\\/formation-hygiene-alimentaire-employes-ce-que-dit-vraiment-la-loi\\\/#primaryimage\"},\"thumbnailUrl\":\"https:\\\/\\\/formation.haccp-pro.fr\\\/7-principes-haccp\\\/wp-content\\\/uploads\\\/2026\\\/01\\\/formation-hygienne-obligatoire-ce-que-dit-la-loi.jpg\",\"datePublished\":\"2026-01-07T01:20:41+00:00\",\"breadcrumb\":{\"@id\":\"https:\\\/\\\/formation.haccp-pro.fr\\\/7-principes-haccp\\\/formation-hygiene-alimentaire-employes-ce-que-dit-vraiment-la-loi\\\/#breadcrumb\"},\"inLanguage\":\"fr-FR\",\"potentialAction\":[{\"@type\":\"ReadAction\",\"target\":[\"https:\\\/\\\/formation.haccp-pro.fr\\\/7-principes-haccp\\\/formation-hygiene-alimentaire-employes-ce-que-dit-vraiment-la-loi\\\/\"]}]},{\"@type\":\"ImageObject\",\"inLanguage\":\"fr-FR\",\"@id\":\"https:\\\/\\\/formation.haccp-pro.fr\\\/7-principes-haccp\\\/formation-hygiene-alimentaire-employes-ce-que-dit-vraiment-la-loi\\\/#primaryimage\",\"url\":\"https:\\\/\\\/formation.haccp-pro.fr\\\/7-principes-haccp\\\/wp-content\\\/uploads\\\/2026\\\/01\\\/formation-hygienne-obligatoire-ce-que-dit-la-loi.jpg\",\"contentUrl\":\"https:\\\/\\\/formation.haccp-pro.fr\\\/7-principes-haccp\\\/wp-content\\\/uploads\\\/2026\\\/01\\\/formation-hygienne-obligatoire-ce-que-dit-la-loi.jpg\",\"width\":1280,\"height\":720},{\"@type\":\"BreadcrumbList\",\"@id\":\"https:\\\/\\\/formation.haccp-pro.fr\\\/7-principes-haccp\\\/formation-hygiene-alimentaire-employes-ce-que-dit-vraiment-la-loi\\\/#breadcrumb\",\"itemListElement\":[{\"@type\":\"ListItem\",\"position\":1,\"name\":\"Home\",\"item\":\"https:\\\/\\\/formation.haccp-pro.fr\\\/7-principes-haccp\\\/\"},{\"@type\":\"ListItem\",\"position\":2,\"name\":\"Formation Hygi\u00e8ne Alimentaire Employ\u00e9s : Ce Que Dit VRAIMENT la Loi\"}]},{\"@type\":\"WebSite\",\"@id\":\"https:\\\/\\\/formation.haccp-pro.fr\\\/7-principes-haccp\\\/#website\",\"url\":\"https:\\\/\\\/formation.haccp-pro.fr\\\/7-principes-haccp\\\/\",\"name\":\"HACCP Pro\",\"description\":\"les 7 principes HACCP\",\"publisher\":{\"@id\":\"https:\\\/\\\/formation.haccp-pro.fr\\\/7-principes-haccp\\\/#organization\"},\"potentialAction\":[{\"@type\":\"SearchAction\",\"target\":{\"@type\":\"EntryPoint\",\"urlTemplate\":\"https:\\\/\\\/formation.haccp-pro.fr\\\/7-principes-haccp\\\/?s={search_term_string}\"},\"query-input\":{\"@type\":\"PropertyValueSpecification\",\"valueRequired\":true,\"valueName\":\"search_term_string\"}}],\"inLanguage\":\"fr-FR\"},{\"@type\":\"Organization\",\"@id\":\"https:\\\/\\\/formation.haccp-pro.fr\\\/7-principes-haccp\\\/#organization\",\"name\":\"HACCP Pro\",\"url\":\"https:\\\/\\\/formation.haccp-pro.fr\\\/7-principes-haccp\\\/\",\"logo\":{\"@type\":\"ImageObject\",\"inLanguage\":\"fr-FR\",\"@id\":\"https:\\\/\\\/formation.haccp-pro.fr\\\/7-principes-haccp\\\/#\\\/schema\\\/logo\\\/image\\\/\",\"url\":\"https:\\\/\\\/formation.haccp-pro.fr\\\/7-principes-haccp\\\/wp-content\\\/uploads\\\/2026\\\/01\\\/logo-haccp-pro.jpg\",\"contentUrl\":\"https:\\\/\\\/formation.haccp-pro.fr\\\/7-principes-haccp\\\/wp-content\\\/uploads\\\/2026\\\/01\\\/logo-haccp-pro.jpg\",\"width\":313,\"height\":313,\"caption\":\"HACCP Pro\"},\"image\":{\"@id\":\"https:\\\/\\\/formation.haccp-pro.fr\\\/7-principes-haccp\\\/#\\\/schema\\\/logo\\\/image\\\/\"}},{\"@type\":\"Person\",\"@id\":\"https:\\\/\\\/formation.haccp-pro.fr\\\/7-principes-haccp\\\/#\\\/schema\\\/person\\\/9ed100c499323a50fe25a1445e5af23f\",\"name\":\"formation haccp\",\"image\":{\"@type\":\"ImageObject\",\"inLanguage\":\"fr-FR\",\"@id\":\"https:\\\/\\\/secure.gravatar.com\\\/avatar\\\/999335feee1e7938400b31c71655f3f8677a748002c46cd548460d75e86c8e56?s=96&d=mm&r=g\",\"url\":\"https:\\\/\\\/secure.gravatar.com\\\/avatar\\\/999335feee1e7938400b31c71655f3f8677a748002c46cd548460d75e86c8e56?s=96&d=mm&r=g\",\"contentUrl\":\"https:\\\/\\\/secure.gravatar.com\\\/avatar\\\/999335feee1e7938400b31c71655f3f8677a748002c46cd548460d75e86c8e56?s=96&d=mm&r=g\",\"caption\":\"formation haccp\"},\"sameAs\":[\"https:\\\/\\\/formation.haccp-pro.fr\\\/7-principes-haccp\"],\"url\":\"https:\\\/\\\/formation.haccp-pro.fr\\\/7-principes-haccp\\\/author\\\/formation-haccp\\\/\"}]}<\/script>\n<!-- \/ Yoast SEO plugin. -->","yoast_head_json":{"title":"Formation Hygi\u00e8ne Alimentaire Employ\u00e9s : Ce Que Dit VRAIMENT la Loi - HACCP Pro","robots":{"index":"index","follow":"follow","max-snippet":"max-snippet:-1","max-image-preview":"max-image-preview:large","max-video-preview":"max-video-preview:-1"},"canonical":"https:\/\/formation.haccp-pro.fr\/7-principes-haccp\/formation-hygiene-alimentaire-employes-ce-que-dit-vraiment-la-loi\/","og_locale":"fr_FR","og_type":"article","og_title":"Formation Hygi\u00e8ne Alimentaire Employ\u00e9s : Ce Que Dit VRAIMENT la Loi - HACCP Pro","og_description":"\u2696\ufe0f Formation Hygi\u00e8ne Alimentaire Employ\u00e9s : Ce Que Dit VRAIMENT la Loi Vous \u00eates employeur dans l&rsquo;alimentaire ? Vous avez l&rsquo;obligation l\u00e9gale de former votre personnel \u00e0 l&rsquo;hygi\u00e8ne. Mais attention : pas n&rsquo;importe quelle formation. La loi exige une formation adapt\u00e9e \u00e0 l&rsquo;activit\u00e9 professionnelle de chaque employ\u00e9. \ud83d\udcdc Le texte de loi : R\u00e8glement (CE) ... Read more","og_url":"https:\/\/formation.haccp-pro.fr\/7-principes-haccp\/formation-hygiene-alimentaire-employes-ce-que-dit-vraiment-la-loi\/","og_site_name":"HACCP Pro","article_published_time":"2026-01-07T01:20:41+00:00","og_image":[{"width":1280,"height":720,"url":"https:\/\/formation.haccp-pro.fr\/7-principes-haccp\/wp-content\/uploads\/2026\/01\/formation-hygienne-obligatoire-ce-que-dit-la-loi.jpg","type":"image\/jpeg"}],"author":"formation haccp","twitter_card":"summary_large_image","twitter_misc":{"Written by":"formation haccp","Est. reading time":"5 minutes"},"schema":{"@context":"https:\/\/schema.org","@graph":[{"@type":"Article","@id":"https:\/\/formation.haccp-pro.fr\/7-principes-haccp\/formation-hygiene-alimentaire-employes-ce-que-dit-vraiment-la-loi\/#article","isPartOf":{"@id":"https:\/\/formation.haccp-pro.fr\/7-principes-haccp\/formation-hygiene-alimentaire-employes-ce-que-dit-vraiment-la-loi\/"},"author":{"name":"formation haccp","@id":"https:\/\/formation.haccp-pro.fr\/7-principes-haccp\/#\/schema\/person\/9ed100c499323a50fe25a1445e5af23f"},"headline":"Formation Hygi\u00e8ne Alimentaire Employ\u00e9s : Ce Que Dit VRAIMENT la Loi","datePublished":"2026-01-07T01:20:41+00:00","mainEntityOfPage":{"@id":"https:\/\/formation.haccp-pro.fr\/7-principes-haccp\/formation-hygiene-alimentaire-employes-ce-que-dit-vraiment-la-loi\/"},"wordCount":1154,"commentCount":0,"publisher":{"@id":"https:\/\/formation.haccp-pro.fr\/7-principes-haccp\/#organization"},"image":{"@id":"https:\/\/formation.haccp-pro.fr\/7-principes-haccp\/formation-hygiene-alimentaire-employes-ce-que-dit-vraiment-la-loi\/#primaryimage"},"thumbnailUrl":"https:\/\/formation.haccp-pro.fr\/7-principes-haccp\/wp-content\/uploads\/2026\/01\/formation-hygienne-obligatoire-ce-que-dit-la-loi.jpg","keywords":["Employeur obligation","Formation employ\u00e9s","Formation obligatoire","Formation sp\u00e9cifique","HACCP obligatoire","Hygi\u00e8ne alimentaire","Obligation l\u00e9gale","R\u00e8glement CE 852\/2004"],"articleSection":["R\u00e9glementation"],"inLanguage":"fr-FR","potentialAction":[{"@type":"CommentAction","name":"Comment","target":["https:\/\/formation.haccp-pro.fr\/7-principes-haccp\/formation-hygiene-alimentaire-employes-ce-que-dit-vraiment-la-loi\/#respond"]}]},{"@type":"WebPage","@id":"https:\/\/formation.haccp-pro.fr\/7-principes-haccp\/formation-hygiene-alimentaire-employes-ce-que-dit-vraiment-la-loi\/","url":"https:\/\/formation.haccp-pro.fr\/7-principes-haccp\/formation-hygiene-alimentaire-employes-ce-que-dit-vraiment-la-loi\/","name":"Formation Hygi\u00e8ne Alimentaire Employ\u00e9s : Ce Que Dit VRAIMENT la Loi - HACCP Pro","isPartOf":{"@id":"https:\/\/formation.haccp-pro.fr\/7-principes-haccp\/#website"},"primaryImageOfPage":{"@id":"https:\/\/formation.haccp-pro.fr\/7-principes-haccp\/formation-hygiene-alimentaire-employes-ce-que-dit-vraiment-la-loi\/#primaryimage"},"image":{"@id":"https:\/\/formation.haccp-pro.fr\/7-principes-haccp\/formation-hygiene-alimentaire-employes-ce-que-dit-vraiment-la-loi\/#primaryimage"},"thumbnailUrl":"https:\/\/formation.haccp-pro.fr\/7-principes-haccp\/wp-content\/uploads\/2026\/01\/formation-hygienne-obligatoire-ce-que-dit-la-loi.jpg","datePublished":"2026-01-07T01:20:41+00:00","breadcrumb":{"@id":"https:\/\/formation.haccp-pro.fr\/7-principes-haccp\/formation-hygiene-alimentaire-employes-ce-que-dit-vraiment-la-loi\/#breadcrumb"},"inLanguage":"fr-FR","potentialAction":[{"@type":"ReadAction","target":["https:\/\/formation.haccp-pro.fr\/7-principes-haccp\/formation-hygiene-alimentaire-employes-ce-que-dit-vraiment-la-loi\/"]}]},{"@type":"ImageObject","inLanguage":"fr-FR","@id":"https:\/\/formation.haccp-pro.fr\/7-principes-haccp\/formation-hygiene-alimentaire-employes-ce-que-dit-vraiment-la-loi\/#primaryimage","url":"https:\/\/formation.haccp-pro.fr\/7-principes-haccp\/wp-content\/uploads\/2026\/01\/formation-hygienne-obligatoire-ce-que-dit-la-loi.jpg","contentUrl":"https:\/\/formation.haccp-pro.fr\/7-principes-haccp\/wp-content\/uploads\/2026\/01\/formation-hygienne-obligatoire-ce-que-dit-la-loi.jpg","width":1280,"height":720},{"@type":"BreadcrumbList","@id":"https:\/\/formation.haccp-pro.fr\/7-principes-haccp\/formation-hygiene-alimentaire-employes-ce-que-dit-vraiment-la-loi\/#breadcrumb","itemListElement":[{"@type":"ListItem","position":1,"name":"Home","item":"https:\/\/formation.haccp-pro.fr\/7-principes-haccp\/"},{"@type":"ListItem","position":2,"name":"Formation Hygi\u00e8ne Alimentaire Employ\u00e9s : Ce Que Dit VRAIMENT la Loi"}]},{"@type":"WebSite","@id":"https:\/\/formation.haccp-pro.fr\/7-principes-haccp\/#website","url":"https:\/\/formation.haccp-pro.fr\/7-principes-haccp\/","name":"HACCP Pro","description":"les 7 principes HACCP","publisher":{"@id":"https:\/\/formation.haccp-pro.fr\/7-principes-haccp\/#organization"},"potentialAction":[{"@type":"SearchAction","target":{"@type":"EntryPoint","urlTemplate":"https:\/\/formation.haccp-pro.fr\/7-principes-haccp\/?s={search_term_string}"},"query-input":{"@type":"PropertyValueSpecification","valueRequired":true,"valueName":"search_term_string"}}],"inLanguage":"fr-FR"},{"@type":"Organization","@id":"https:\/\/formation.haccp-pro.fr\/7-principes-haccp\/#organization","name":"HACCP Pro","url":"https:\/\/formation.haccp-pro.fr\/7-principes-haccp\/","logo":{"@type":"ImageObject","inLanguage":"fr-FR","@id":"https:\/\/formation.haccp-pro.fr\/7-principes-haccp\/#\/schema\/logo\/image\/","url":"https:\/\/formation.haccp-pro.fr\/7-principes-haccp\/wp-content\/uploads\/2026\/01\/logo-haccp-pro.jpg","contentUrl":"https:\/\/formation.haccp-pro.fr\/7-principes-haccp\/wp-content\/uploads\/2026\/01\/logo-haccp-pro.jpg","width":313,"height":313,"caption":"HACCP Pro"},"image":{"@id":"https:\/\/formation.haccp-pro.fr\/7-principes-haccp\/#\/schema\/logo\/image\/"}},{"@type":"Person","@id":"https:\/\/formation.haccp-pro.fr\/7-principes-haccp\/#\/schema\/person\/9ed100c499323a50fe25a1445e5af23f","name":"formation haccp","image":{"@type":"ImageObject","inLanguage":"fr-FR","@id":"https:\/\/secure.gravatar.com\/avatar\/999335feee1e7938400b31c71655f3f8677a748002c46cd548460d75e86c8e56?s=96&d=mm&r=g","url":"https:\/\/secure.gravatar.com\/avatar\/999335feee1e7938400b31c71655f3f8677a748002c46cd548460d75e86c8e56?s=96&d=mm&r=g","contentUrl":"https:\/\/secure.gravatar.com\/avatar\/999335feee1e7938400b31c71655f3f8677a748002c46cd548460d75e86c8e56?s=96&d=mm&r=g","caption":"formation haccp"},"sameAs":["https:\/\/formation.haccp-pro.fr\/7-principes-haccp"],"url":"https:\/\/formation.haccp-pro.fr\/7-principes-haccp\/author\/formation-haccp\/"}]}},"_links":{"self":[{"href":"https:\/\/formation.haccp-pro.fr\/7-principes-haccp\/wp-json\/wp\/v2\/posts\/52","targetHints":{"allow":["GET"]}}],"collection":[{"href":"https:\/\/formation.haccp-pro.fr\/7-principes-haccp\/wp-json\/wp\/v2\/posts"}],"about":[{"href":"https:\/\/formation.haccp-pro.fr\/7-principes-haccp\/wp-json\/wp\/v2\/types\/post"}],"author":[{"embeddable":true,"href":"https:\/\/formation.haccp-pro.fr\/7-principes-haccp\/wp-json\/wp\/v2\/users\/1"}],"replies":[{"embeddable":true,"href":"https:\/\/formation.haccp-pro.fr\/7-principes-haccp\/wp-json\/wp\/v2\/comments?post=52"}],"version-history":[{"count":1,"href":"https:\/\/formation.haccp-pro.fr\/7-principes-haccp\/wp-json\/wp\/v2\/posts\/52\/revisions"}],"predecessor-version":[{"id":57,"href":"https:\/\/formation.haccp-pro.fr\/7-principes-haccp\/wp-json\/wp\/v2\/posts\/52\/revisions\/57"}],"wp:featuredmedia":[{"embeddable":true,"href":"https:\/\/formation.haccp-pro.fr\/7-principes-haccp\/wp-json\/wp\/v2\/media\/53"}],"wp:attachment":[{"href":"https:\/\/formation.haccp-pro.fr\/7-principes-haccp\/wp-json\/wp\/v2\/media?parent=52"}],"wp:term":[{"taxonomy":"category","embeddable":true,"href":"https:\/\/formation.haccp-pro.fr\/7-principes-haccp\/wp-json\/wp\/v2\/categories?post=52"},{"taxonomy":"post_tag","embeddable":true,"href":"https:\/\/formation.haccp-pro.fr\/7-principes-haccp\/wp-json\/wp\/v2\/tags?post=52"}],"curies":[{"name":"wp","href":"https:\/\/api.w.org\/{rel}","templated":true}]}}